{"id":3556,"date":"2012-09-17T12:15:43","date_gmt":"2012-09-17T15:15:43","guid":{"rendered":"http:\/\/scienceblogs.com.br\/hypercubic\/?p=3556"},"modified":"2012-09-17T12:15:43","modified_gmt":"2012-09-17T15:15:43","slug":"amikejo-quase-pas-esperanto","status":"publish","type":"post","link":"https:\/\/www.blogs.unicamp.br\/hypercubic\/2012\/09\/amikejo-quase-pas-esperanto\/","title":{"rendered":"Amikejo, o quase-pa\u00eds do Esperanto"},"content":{"rendered":"<p align=\"justify\">Quando se fala em (ou melhor, sobre) Esperanto, h\u00e1 sempre a obje\u00e7\u00e3o de que n\u00e3o \u00e9 uma l\u00edngua natural, que n\u00e3o tem uma cultura pr\u00f3pria ou falantes nativos. Pois bem, o Esperanto quase foi a l\u00edngua oficial de um pequeno pa\u00eds europeu.<\/p>\n<p style=\"text-align: justify\" align=\"justify\"><img fetchpriority=\"high\" decoding=\"async\" class=\"aligncenter\" src=\"http:\/\/scienceblogs.com.br\/hypercubic\/files\/2012\/09\/2012-09-12-a-small-start.png\" alt=\"http:\/\/commons.wikimedia.org\/wiki\/File:Moresnet.png\" width=\"300\" height=\"374\" \/>Tudo come\u00e7ou muito antes do Dr. Zammenhoff. Ironicamente, a culpa \u00e9 de Napole\u00e3o. Durante a reorganiza\u00e7\u00e3o do mapa europeu no per\u00edodo p\u00f3s-napole\u00f4nico, uma fatia de 3,44 km\u00b2 de terra ficou em lit\u00edgio entre a Pr\u00fassia e os Pa\u00edses-Baixos (n\u00ba. 3 no mapa acima; 4 \u00e9 a atual Alemanha; 1 \u00e9 a Holanda e 2, a B\u00e9lgica). A disputa arrastou-se silenciosamente por d\u00e9cadas e \u00e1rea ficou conhecida como Neutral Moresnet e virou uma terra de ningu\u00e9m.<\/p>\n<p align=\"justify\">J\u00e1 que a terra era de ningu\u00e9m, que tal falar uma l\u00edngua de ningu\u00e9m ali? Em 1908, o imigrante e esperantista alem\u00e3o Wilhelm Molly prop\u00f4s transformar o min\u00fasculo territ\u00f3rio de Neutral Moresnet no primeiro pa\u00eds esperant\u00f3fono do mundo.<\/p>\n<p align=\"justify\">Os esperantistas mais entusiasmados logo batizaram o que seria o seu pa\u00eds de <em>Amikejo<\/em> (lit. \u201clugar dos amigos\u201d) e compuseram um hino nacional (em esperanto, \u00e9 claro). At\u00e9 mesmo o Congresso Internacional Esperantista decidiu mudar sua sede de Haia para a nova \u201ccapital mundial\u201d da l\u00edngua internacional.<\/p>\n<p align=\"justify\">O que era para ser, n\u00e3o foi. A Alemanha n\u00e3o tardou em abocanhar aquele naco de terra durante a I Guerra Mundial. Ap\u00f3s outro redesenho europeu \u2014 o Tratado de Versalhes \u2014, a \u00e1rea acabou ficando com a B\u00e9lgica.<\/p>\n<p align=\"justify\">O destino da l\u00edngua oficial de Amikejo n\u00e3o foi muito diferente (n\u00e3o que a B\u00e9lgica o tenha adotado): o Esperanto tamb\u00e9m \u00e9 uma ideia n\u00e3o pegou. Mas talvez seja melhor que Amikejo n\u00e3o tenha se realizado. N\u00e3o faria muito sentido que uma l\u00edngua cujo objetivo era ser internacional se tornasse apenas mais uma l\u00edngua nacional, de uma microna\u00e7\u00e3o.<\/p>\n","protected":false},"excerpt":{"rendered":"<p>Quando se fala em (ou melhor, sobre) Esperanto, h\u00e1 sempre a obje\u00e7\u00e3o de que n\u00e3o \u00e9 uma l\u00edngua natural, que n\u00e3o tem uma cultura pr\u00f3pria ou falantes nativos. Pois bem, o Esperanto quase foi a l\u00edngua oficial de um pequeno pa\u00eds europeu. Tudo come\u00e7ou muito antes do Dr. Zammenhoff. Ironicamente, a culpa \u00e9 de Napole\u00e3o. [&hellip;]<\/p>\n","protected":false},"author":486,"featured_media":3567,"comment_status":"open","ping_status":"open","sticky":false,"template":"","format":"standard","meta":{"_eb_attr":"","_monsterinsights_skip_tracking":false,"material-hide-sections":[],"pgc_sgb_lightbox_settings":"","_vp_format_video_url":"","_vp_image_focal_point":[],"footnotes":""},"categories":[78,79,149,172,193,201],"tags":[498,1422,2264,3043,3048],"class_list":["post-3556","post","type-post","status-publish","format-standard","has-post-thumbnail","hentry","category-cultura","category-curiosidades","category-geografia","category-i-guerra-mundial","category-linguagem","category-mapas","tag-amikejo","tag-esperanto","tag-micronacao","tag-sec-xix","tag-sec-xx"],"yoast_head":"<!-- This site is optimized with the Yoast SEO plugin v28.3 - https:\/\/yoast.com\/product\/yoast-seo-wordpress\/ -->\n<title>Amikejo, o quase-pa\u00eds do Esperanto - hypercubic<\/title>\n<meta name=\"robots\" content=\"index, follow, max-snippet:-1, max-image-preview:large, max-video-preview:-1\" \/>\n<link rel=\"canonical\" href=\"https:\/\/www.blogs.unicamp.br\/hypercubic\/2012\/09\/amikejo-quase-pas-esperanto\/\" \/>\n<meta name=\"twitter:label1\" content=\"Escrito por\" \/>\n\t<meta name=\"twitter:data1\" content=\"Renato Pincelli\" \/>\n\t<meta name=\"twitter:label2\" content=\"Est. tempo de leitura\" \/>\n\t<meta name=\"twitter:data2\" content=\"2 minutos\" \/>\n<script type=\"application\/ld+json\" class=\"yoast-schema-graph\">{\"@context\":\"https:\\\/\\\/schema.org\",\"@graph\":[{\"@type\":\"Article\",\"@id\":\"https:\\\/\\\/www.blogs.unicamp.br\\\/hypercubic\\\/2012\\\/09\\\/amikejo-quase-pas-esperanto\\\/#article\",\"isPartOf\":{\"@id\":\"https:\\\/\\\/www.blogs.unicamp.br\\\/hypercubic\\\/2012\\\/09\\\/amikejo-quase-pas-esperanto\\\/\"},\"author\":{\"name\":\"Renato Pincelli\",\"@id\":\"https:\\\/\\\/www.blogs.unicamp.br\\\/hypercubic\\\/#\\\/schema\\\/person\\\/c7be1e2811d061a75d3b4f4960eb53bd\"},\"headline\":\"Amikejo, o quase-pa\u00eds do Esperanto\",\"datePublished\":\"2012-09-17T15:15:43+00:00\",\"mainEntityOfPage\":{\"@id\":\"https:\\\/\\\/www.blogs.unicamp.br\\\/hypercubic\\\/2012\\\/09\\\/amikejo-quase-pas-esperanto\\\/\"},\"wordCount\":336,\"commentCount\":0,\"publisher\":{\"@id\":\"https:\\\/\\\/www.blogs.unicamp.br\\\/hypercubic\\\/#organization\"},\"image\":{\"@id\":\"https:\\\/\\\/www.blogs.unicamp.br\\\/hypercubic\\\/2012\\\/09\\\/amikejo-quase-pas-esperanto\\\/#primaryimage\"},\"thumbnailUrl\":\"https:\\\/\\\/www.blogs.unicamp.br\\\/hypercubic\\\/wp-content\\\/uploads\\\/sites\\\/249\\\/2012\\\/09\\\/2012-09-12-a-small-start1.png\",\"keywords\":[\"Amikejo\",\"esperanto\",\"microna\u00e7\u00e3o\",\"s\u00e9c. XIX\",\"s\u00e9c. XX\"],\"articleSection\":[\"cultura\",\"curiosidades\",\"geografia\",\"I Guerra Mundial\",\"linguagem\",\"mapas\"],\"inLanguage\":\"pt-BR\",\"potentialAction\":[{\"@type\":\"CommentAction\",\"name\":\"Comment\",\"target\":[\"https:\\\/\\\/www.blogs.unicamp.br\\\/hypercubic\\\/2012\\\/09\\\/amikejo-quase-pas-esperanto\\\/#respond\"]}]},{\"@type\":\"WebPage\",\"@id\":\"https:\\\/\\\/www.blogs.unicamp.br\\\/hypercubic\\\/2012\\\/09\\\/amikejo-quase-pas-esperanto\\\/\",\"url\":\"https:\\\/\\\/www.blogs.unicamp.br\\\/hypercubic\\\/2012\\\/09\\\/amikejo-quase-pas-esperanto\\\/\",\"name\":\"Amikejo, o quase-pa\u00eds do Esperanto - hypercubic\",\"isPartOf\":{\"@id\":\"https:\\\/\\\/www.blogs.unicamp.br\\\/hypercubic\\\/#website\"},\"primaryImageOfPage\":{\"@id\":\"https:\\\/\\\/www.blogs.unicamp.br\\\/hypercubic\\\/2012\\\/09\\\/amikejo-quase-pas-esperanto\\\/#primaryimage\"},\"image\":{\"@id\":\"https:\\\/\\\/www.blogs.unicamp.br\\\/hypercubic\\\/2012\\\/09\\\/amikejo-quase-pas-esperanto\\\/#primaryimage\"},\"thumbnailUrl\":\"https:\\\/\\\/www.blogs.unicamp.br\\\/hypercubic\\\/wp-content\\\/uploads\\\/sites\\\/249\\\/2012\\\/09\\\/2012-09-12-a-small-start1.png\",\"datePublished\":\"2012-09-17T15:15:43+00:00\",\"breadcrumb\":{\"@id\":\"https:\\\/\\\/www.blogs.unicamp.br\\\/hypercubic\\\/2012\\\/09\\\/amikejo-quase-pas-esperanto\\\/#breadcrumb\"},\"inLanguage\":\"pt-BR\",\"potentialAction\":[{\"@type\":\"ReadAction\",\"target\":[\"https:\\\/\\\/www.blogs.unicamp.br\\\/hypercubic\\\/2012\\\/09\\\/amikejo-quase-pas-esperanto\\\/\"]}]},{\"@type\":\"ImageObject\",\"inLanguage\":\"pt-BR\",\"@id\":\"https:\\\/\\\/www.blogs.unicamp.br\\\/hypercubic\\\/2012\\\/09\\\/amikejo-quase-pas-esperanto\\\/#primaryimage\",\"url\":\"https:\\\/\\\/www.blogs.unicamp.br\\\/hypercubic\\\/wp-content\\\/uploads\\\/sites\\\/249\\\/2012\\\/09\\\/2012-09-12-a-small-start1.png\",\"contentUrl\":\"https:\\\/\\\/www.blogs.unicamp.br\\\/hypercubic\\\/wp-content\\\/uploads\\\/sites\\\/249\\\/2012\\\/09\\\/2012-09-12-a-small-start1.png\",\"width\":300,\"height\":374},{\"@type\":\"BreadcrumbList\",\"@id\":\"https:\\\/\\\/www.blogs.unicamp.br\\\/hypercubic\\\/2012\\\/09\\\/amikejo-quase-pas-esperanto\\\/#breadcrumb\",\"itemListElement\":[{\"@type\":\"ListItem\",\"position\":1,\"name\":\"In\u00edcio\",\"item\":\"https:\\\/\\\/www.blogs.unicamp.br\\\/hypercubic\\\/\"},{\"@type\":\"ListItem\",\"position\":2,\"name\":\"Amikejo, o quase-pa\u00eds do Esperanto\"}]},{\"@type\":\"WebSite\",\"@id\":\"https:\\\/\\\/www.blogs.unicamp.br\\\/hypercubic\\\/#website\",\"url\":\"https:\\\/\\\/www.blogs.unicamp.br\\\/hypercubic\\\/\",\"name\":\"hypercubic\",\"description\":\"um hyperespa\u00e7o de ideias\",\"publisher\":{\"@id\":\"https:\\\/\\\/www.blogs.unicamp.br\\\/hypercubic\\\/#organization\"},\"potentialAction\":[{\"@type\":\"SearchAction\",\"target\":{\"@type\":\"EntryPoint\",\"urlTemplate\":\"https:\\\/\\\/www.blogs.unicamp.br\\\/hypercubic\\\/?s={search_term_string}\"},\"query-input\":{\"@type\":\"PropertyValueSpecification\",\"valueRequired\":true,\"valueName\":\"search_term_string\"}}],\"inLanguage\":\"pt-BR\"},{\"@type\":\"Organization\",\"@id\":\"https:\\\/\\\/www.blogs.unicamp.br\\\/hypercubic\\\/#organization\",\"name\":\"hypercubic\",\"url\":\"https:\\\/\\\/www.blogs.unicamp.br\\\/hypercubic\\\/\",\"logo\":{\"@type\":\"ImageObject\",\"inLanguage\":\"pt-BR\",\"@id\":\"https:\\\/\\\/www.blogs.unicamp.br\\\/hypercubic\\\/#\\\/schema\\\/logo\\\/image\\\/\",\"url\":\"https:\\\/\\\/www.blogs.unicamp.br\\\/hypercubic\\\/wp-content\\\/uploads\\\/sites\\\/249\\\/2022\\\/11\\\/cropped-Capa-do-Facebook-851x315-px.-1.png\",\"contentUrl\":\"https:\\\/\\\/www.blogs.unicamp.br\\\/hypercubic\\\/wp-content\\\/uploads\\\/sites\\\/249\\\/2022\\\/11\\\/cropped-Capa-do-Facebook-851x315-px.-1.png\",\"width\":197,\"height\":211,\"caption\":\"hypercubic\"},\"image\":{\"@id\":\"https:\\\/\\\/www.blogs.unicamp.br\\\/hypercubic\\\/#\\\/schema\\\/logo\\\/image\\\/\"},\"sameAs\":[\"https:\\\/\\\/www.facebook.com\\\/hypercubicBR\\\/\",\"https:\\\/\\\/www.instagram.com\\\/hypercubic.blog\\\/\"]},{\"@type\":\"Person\",\"@id\":\"https:\\\/\\\/www.blogs.unicamp.br\\\/hypercubic\\\/#\\\/schema\\\/person\\\/c7be1e2811d061a75d3b4f4960eb53bd\",\"name\":\"Renato Pincelli\",\"image\":{\"@type\":\"ImageObject\",\"inLanguage\":\"pt-BR\",\"@id\":\"https:\\\/\\\/secure.gravatar.com\\\/avatar\\\/ea6f8dd90510e820f465bc6a0210a398696be86dc9446fbf6420603bafe2a9fb?s=96&d=retro&r=g\",\"url\":\"https:\\\/\\\/secure.gravatar.com\\\/avatar\\\/ea6f8dd90510e820f465bc6a0210a398696be86dc9446fbf6420603bafe2a9fb?s=96&d=retro&r=g\",\"contentUrl\":\"https:\\\/\\\/secure.gravatar.com\\\/avatar\\\/ea6f8dd90510e820f465bc6a0210a398696be86dc9446fbf6420603bafe2a9fb?s=96&d=retro&r=g\",\"caption\":\"Renato Pincelli\"},\"url\":\"https:\\\/\\\/www.blogs.unicamp.br\\\/hypercubic\\\/author\\\/hypercubic\\\/\"}]}<\/script>\n<!-- \/ Yoast SEO plugin. -->","yoast_head_json":{"title":"Amikejo, o quase-pa\u00eds do Esperanto - hypercubic","robots":{"index":"index","follow":"follow","max-snippet":"max-snippet:-1","max-image-preview":"max-image-preview:large","max-video-preview":"max-video-preview:-1"},"canonical":"https:\/\/www.blogs.unicamp.br\/hypercubic\/2012\/09\/amikejo-quase-pas-esperanto\/","twitter_misc":{"Escrito por":"Renato Pincelli","Est. tempo de leitura":"2 minutos"},"schema":{"@context":"https:\/\/schema.org","@graph":[{"@type":"Article","@id":"https:\/\/www.blogs.unicamp.br\/hypercubic\/2012\/09\/amikejo-quase-pas-esperanto\/#article","isPartOf":{"@id":"https:\/\/www.blogs.unicamp.br\/hypercubic\/2012\/09\/amikejo-quase-pas-esperanto\/"},"author":{"name":"Renato Pincelli","@id":"https:\/\/www.blogs.unicamp.br\/hypercubic\/#\/schema\/person\/c7be1e2811d061a75d3b4f4960eb53bd"},"headline":"Amikejo, o quase-pa\u00eds do Esperanto","datePublished":"2012-09-17T15:15:43+00:00","mainEntityOfPage":{"@id":"https:\/\/www.blogs.unicamp.br\/hypercubic\/2012\/09\/amikejo-quase-pas-esperanto\/"},"wordCount":336,"commentCount":0,"publisher":{"@id":"https:\/\/www.blogs.unicamp.br\/hypercubic\/#organization"},"image":{"@id":"https:\/\/www.blogs.unicamp.br\/hypercubic\/2012\/09\/amikejo-quase-pas-esperanto\/#primaryimage"},"thumbnailUrl":"https:\/\/www.blogs.unicamp.br\/hypercubic\/wp-content\/uploads\/sites\/249\/2012\/09\/2012-09-12-a-small-start1.png","keywords":["Amikejo","esperanto","microna\u00e7\u00e3o","s\u00e9c. XIX","s\u00e9c. XX"],"articleSection":["cultura","curiosidades","geografia","I Guerra Mundial","linguagem","mapas"],"inLanguage":"pt-BR","potentialAction":[{"@type":"CommentAction","name":"Comment","target":["https:\/\/www.blogs.unicamp.br\/hypercubic\/2012\/09\/amikejo-quase-pas-esperanto\/#respond"]}]},{"@type":"WebPage","@id":"https:\/\/www.blogs.unicamp.br\/hypercubic\/2012\/09\/amikejo-quase-pas-esperanto\/","url":"https:\/\/www.blogs.unicamp.br\/hypercubic\/2012\/09\/amikejo-quase-pas-esperanto\/","name":"Amikejo, o quase-pa\u00eds do Esperanto - hypercubic","isPartOf":{"@id":"https:\/\/www.blogs.unicamp.br\/hypercubic\/#website"},"primaryImageOfPage":{"@id":"https:\/\/www.blogs.unicamp.br\/hypercubic\/2012\/09\/amikejo-quase-pas-esperanto\/#primaryimage"},"image":{"@id":"https:\/\/www.blogs.unicamp.br\/hypercubic\/2012\/09\/amikejo-quase-pas-esperanto\/#primaryimage"},"thumbnailUrl":"https:\/\/www.blogs.unicamp.br\/hypercubic\/wp-content\/uploads\/sites\/249\/2012\/09\/2012-09-12-a-small-start1.png","datePublished":"2012-09-17T15:15:43+00:00","breadcrumb":{"@id":"https:\/\/www.blogs.unicamp.br\/hypercubic\/2012\/09\/amikejo-quase-pas-esperanto\/#breadcrumb"},"inLanguage":"pt-BR","potentialAction":[{"@type":"ReadAction","target":["https:\/\/www.blogs.unicamp.br\/hypercubic\/2012\/09\/amikejo-quase-pas-esperanto\/"]}]},{"@type":"ImageObject","inLanguage":"pt-BR","@id":"https:\/\/www.blogs.unicamp.br\/hypercubic\/2012\/09\/amikejo-quase-pas-esperanto\/#primaryimage","url":"https:\/\/www.blogs.unicamp.br\/hypercubic\/wp-content\/uploads\/sites\/249\/2012\/09\/2012-09-12-a-small-start1.png","contentUrl":"https:\/\/www.blogs.unicamp.br\/hypercubic\/wp-content\/uploads\/sites\/249\/2012\/09\/2012-09-12-a-small-start1.png","width":300,"height":374},{"@type":"BreadcrumbList","@id":"https:\/\/www.blogs.unicamp.br\/hypercubic\/2012\/09\/amikejo-quase-pas-esperanto\/#breadcrumb","itemListElement":[{"@type":"ListItem","position":1,"name":"In\u00edcio","item":"https:\/\/www.blogs.unicamp.br\/hypercubic\/"},{"@type":"ListItem","position":2,"name":"Amikejo, o quase-pa\u00eds do Esperanto"}]},{"@type":"WebSite","@id":"https:\/\/www.blogs.unicamp.br\/hypercubic\/#website","url":"https:\/\/www.blogs.unicamp.br\/hypercubic\/","name":"hypercubic","description":"um hyperespa\u00e7o de ideias","publisher":{"@id":"https:\/\/www.blogs.unicamp.br\/hypercubic\/#organization"},"potentialAction":[{"@type":"SearchAction","target":{"@type":"EntryPoint","urlTemplate":"https:\/\/www.blogs.unicamp.br\/hypercubic\/?s={search_term_string}"},"query-input":{"@type":"PropertyValueSpecification","valueRequired":true,"valueName":"search_term_string"}}],"inLanguage":"pt-BR"},{"@type":"Organization","@id":"https:\/\/www.blogs.unicamp.br\/hypercubic\/#organization","name":"hypercubic","url":"https:\/\/www.blogs.unicamp.br\/hypercubic\/","logo":{"@type":"ImageObject","inLanguage":"pt-BR","@id":"https:\/\/www.blogs.unicamp.br\/hypercubic\/#\/schema\/logo\/image\/","url":"https:\/\/www.blogs.unicamp.br\/hypercubic\/wp-content\/uploads\/sites\/249\/2022\/11\/cropped-Capa-do-Facebook-851x315-px.-1.png","contentUrl":"https:\/\/www.blogs.unicamp.br\/hypercubic\/wp-content\/uploads\/sites\/249\/2022\/11\/cropped-Capa-do-Facebook-851x315-px.-1.png","width":197,"height":211,"caption":"hypercubic"},"image":{"@id":"https:\/\/www.blogs.unicamp.br\/hypercubic\/#\/schema\/logo\/image\/"},"sameAs":["https:\/\/www.facebook.com\/hypercubicBR\/","https:\/\/www.instagram.com\/hypercubic.blog\/"]},{"@type":"Person","@id":"https:\/\/www.blogs.unicamp.br\/hypercubic\/#\/schema\/person\/c7be1e2811d061a75d3b4f4960eb53bd","name":"Renato Pincelli","image":{"@type":"ImageObject","inLanguage":"pt-BR","@id":"https:\/\/secure.gravatar.com\/avatar\/ea6f8dd90510e820f465bc6a0210a398696be86dc9446fbf6420603bafe2a9fb?s=96&d=retro&r=g","url":"https:\/\/secure.gravatar.com\/avatar\/ea6f8dd90510e820f465bc6a0210a398696be86dc9446fbf6420603bafe2a9fb?s=96&d=retro&r=g","contentUrl":"https:\/\/secure.gravatar.com\/avatar\/ea6f8dd90510e820f465bc6a0210a398696be86dc9446fbf6420603bafe2a9fb?s=96&d=retro&r=g","caption":"Renato Pincelli"},"url":"https:\/\/www.blogs.unicamp.br\/hypercubic\/author\/hypercubic\/"}]}},"jetpack_featured_media_url":"https:\/\/www.blogs.unicamp.br\/hypercubic\/wp-content\/uploads\/sites\/249\/2012\/09\/2012-09-12-a-small-start1.png","_links":{"self":[{"href":"https:\/\/www.blogs.unicamp.br\/hypercubic\/wp-json\/wp\/v2\/posts\/3556","targetHints":{"allow":["GET"]}}],"collection":[{"href":"https:\/\/www.blogs.unicamp.br\/hypercubic\/wp-json\/wp\/v2\/posts"}],"about":[{"href":"https:\/\/www.blogs.unicamp.br\/hypercubic\/wp-json\/wp\/v2\/types\/post"}],"author":[{"embeddable":true,"href":"https:\/\/www.blogs.unicamp.br\/hypercubic\/wp-json\/wp\/v2\/users\/486"}],"replies":[{"embeddable":true,"href":"https:\/\/www.blogs.unicamp.br\/hypercubic\/wp-json\/wp\/v2\/comments?post=3556"}],"version-history":[{"count":0,"href":"https:\/\/www.blogs.unicamp.br\/hypercubic\/wp-json\/wp\/v2\/posts\/3556\/revisions"}],"wp:featuredmedia":[{"embeddable":true,"href":"https:\/\/www.blogs.unicamp.br\/hypercubic\/wp-json\/wp\/v2\/media\/3567"}],"wp:attachment":[{"href":"https:\/\/www.blogs.unicamp.br\/hypercubic\/wp-json\/wp\/v2\/media?parent=3556"}],"wp:term":[{"taxonomy":"category","embeddable":true,"href":"https:\/\/www.blogs.unicamp.br\/hypercubic\/wp-json\/wp\/v2\/categories?post=3556"},{"taxonomy":"post_tag","embeddable":true,"href":"https:\/\/www.blogs.unicamp.br\/hypercubic\/wp-json\/wp\/v2\/tags?post=3556"}],"curies":[{"name":"wp","href":"https:\/\/api.w.org\/{rel}","templated":true}]}}