{"id":1301,"date":"2023-01-17T13:06:35","date_gmt":"2023-01-17T16:06:35","guid":{"rendered":"https:\/\/www.blogs.unicamp.br\/pemcie\/?p=1301"},"modified":"2024-04-28T20:49:17","modified_gmt":"2024-04-28T23:49:17","slug":"pnpg","status":"publish","type":"post","link":"https:\/\/www.blogs.unicamp.br\/pemcie\/2023\/01\/17\/pnpg\/","title":{"rendered":"O Plano Nacional de P\u00f3s-Gradua\u00e7\u00e3o (PNPG): Pelo fim da neglig\u00eancia"},"content":{"rendered":"\n<h3 class=\" wp-block-heading eplus-wrapper\">O \u00faltimo PNPG teve o fim de sua vig\u00eancia em 2021. Qual sua import\u00e2ncia e quando podemos esperar um novo?<\/h3>\n\n\n\n<p class=\"eplus-wrapper wp-block-paragraph\">2023 iniciou com novos ocupantes nas cadeiras legislativas nacionais e no cargo de presid\u00eancia da rep\u00fablica. Na perspectiva de ares mais s\u00e9rios e comprometidos com a ci\u00eancia e a educa\u00e7\u00e3o p\u00fablica brasileira, podemos esperar a retomada de pol\u00edticas p\u00fablicas nessas \u00e1reas. A nova ministra da Ci\u00eancia, Tecnologia e Inova\u00e7\u00f5es, Luciana Santos tem apresentado propostas animadoras, como <a href=\"https:\/\/www.cnnbrasil.com.br\/politica\/prioridade-e-aumentar-orcamento-para-bolsas-de-pos-graduacao-diz-ministra-a-cnn\/#:~:text=Prioridade%20%C3%A9%20aumentar%20or%C3%A7amento%20para%20bolsas%20de%20p%C3%B3s-gradua%C3%A7%C3%A3o%2C,aposta%20em%20negocia%C3%A7%C3%A3o%20com%20Congresso%20para%20conseguir%20recursos\" target=\"_blank\" rel=\"noreferrer noopener\">o aumento da bolsa de p\u00f3s-gradua\u00e7\u00e3o<\/a> e a <a href=\"https:\/\/www.anf.org.br\/cientista-analisa-perspectivas-na-gestao-de-luciana-santos-nova-ministra-da-ciencia-e-tecnologia-do-governo-lula\/\" target=\"_blank\" rel=\"noreferrer noopener\">retomada de recursos bloqueados<\/a> pelo antigo governo para a \u00e1rea.<\/p>\n\n\n\n<p class=\"eplus-wrapper wp-block-paragraph\">Apesar das perspectivas animadoras, ainda h\u00e1 muito trabalho a ser feito. Uma quest\u00e3o fundamental para o governo federal retomar enquanto necessidade de avan\u00e7o cient\u00edfico e tecnol\u00f3gico \u00e9 o Plano Nacional de P\u00f3s-Gradua\u00e7\u00e3o (PNPG). Por que esse documento \u00e9 essencial para o Brasil, e qual a atual situa\u00e7\u00e3o dele?<\/p>\n\n\n\n<h4 class=\" wp-block-heading eplus-wrapper\">O que \u00e9 o Plano Nacional de P\u00f3s-Gradua\u00e7\u00e3o<\/h4>\n\n\n\n<p class=\"eplus-wrapper wp-block-paragraph\">Ap\u00f3s diversas tentativas de organizar a p\u00f3s-gradua\u00e7\u00e3o no Brasil no \u00e2mbito nacional, considerando sua estrutura, objetivos e obriga\u00e7\u00f5es, foi criado um documento que cumprisse todas essas necessidades. Assim, em 1975 foi promulgado o primeiro Plano Nacional de P\u00f3s-Gradua\u00e7\u00e3o, que aglutinava todas as estruturas gerais dessa forma\u00e7\u00e3o universit\u00e1ria, que foram inicialmente descritas por <a href=\"https:\/\/www.gov.br\/capes\/pt-br\/centrais-de-conteudo\/parecer-cesu-977-1965-pdf\/view\" target=\"_blank\" rel=\"noreferrer noopener\">Wilson Sucupira<\/a> juntamente com as obriga\u00e7\u00f5es e planejamento que o governo federal cumpriria com a p\u00f3s-gradua\u00e7\u00e3o no Brasil.&nbsp;<\/p>\n\n\n\n<p class=\"eplus-wrapper wp-block-paragraph\">Desde ent\u00e3o, j\u00e1 tivemos seis vers\u00f5es dessa pol\u00edtica p\u00fablica. Cada novo plano o documento se expandia, trazendo novas perspectivas para o trabalho dos mestrandos e doutorandos do Brasil. Os PNPGs sempre foram respons\u00e1veis por quest\u00f5es como o acesso \u00e0 p\u00f3s-gradua\u00e7\u00e3o, fomento para pesquisas estrat\u00e9gicas, internacionaliza\u00e7\u00e3o e a produtividade. Juntamente, dados sobre a distribui\u00e7\u00e3o geogr\u00e1fica, o acesso, e o perfil dos p\u00f3s-graduandos tamb\u00e9m consta nesse documento. Analisaremos melhor esses dados atrav\u00e9s do \u00faltimo PNPG que temos promulgado.<\/p>\n\n\n\n<h4 class=\" wp-block-heading eplus-wrapper\">A import\u00e2ncia do PNPG: analisando o \u00faltimo documento promulgado<\/h4>\n\n\n\n<p class=\"eplus-wrapper wp-block-paragraph\">Para entendermos melhor a import\u00e2ncia de um documento como o PNPG, vamos usar de exemplo o que diz o \u00faltimo que temos em m\u00e3os, o <a href=\"https:\/\/www.gov.br\/capes\/pt-br\/acesso-a-informacao\/institucional\/plano-nacional-de-pos-graduacao-pnpg\/plano-nacional-de-pos-graduacao-pnpg-2011-2020\" target=\"_blank\" rel=\"noreferrer noopener\">Plano Nacional de P\u00f3s-Gradua\u00e7\u00e3o 2011-2020<\/a>. Escrito em 2010, o documento \u00e9 separado em dois volumes.<\/p>\n\n\n\n<p class=\"eplus-wrapper wp-block-paragraph\">Iniciaremos com o primeiro volume, que \u00e9 separado em cap\u00edtulos que englobam estrutura\u00e7\u00f5es essenciais para a atividade da p\u00f3s-gradua\u00e7\u00e3o ao decorrer de sua vig\u00eancia. An\u00e1lise da situa\u00e7\u00e3o que a p\u00f3s-gradua\u00e7\u00e3o se encontrava, proje\u00e7\u00f5es de crescimento, sistemas de avalia\u00e7\u00e3o, rela\u00e7\u00f5es entre a p\u00f3s-gradua\u00e7\u00e3o e empresas privadas e diretrizes para o financiamento de pesquisas s\u00e3o alguns dos principais pontos que est\u00e3o descritas nessa primeira parte.<\/p>\n\n\n\n<p class=\"eplus-wrapper wp-block-paragraph\">J\u00e1 no segundo volume, o foco \u00e9 em discutir perspectivas para o futuro da p\u00f3s-gradua\u00e7\u00e3o para a d\u00e9cada seguinte. Para isso, apresenta-se \u00e1reas de atua\u00e7\u00e3o consideradas essenciais, como cultura, ci\u00eancias agr\u00e1rias, a floresta Amaz\u00f4nica, abastecimento energ\u00e9tico e o setor espacial brasileiro.&nbsp;<\/p>\n\n\n\n<p class=\"eplus-wrapper wp-block-paragraph\">Por si s\u00f3, todos os par\u00e2metros estabelecidos nesses dois volumes j\u00e1 nos mostram a necessidade de termos um PNPG atualizado, envolvida intimamente com a sociedade e com os meios acad\u00eamicos. S\u00f3 para exemplificar, pode-se pontuar o surgimento do <a href=\"https:\/\/www.gov.br\/capes\/pt-br\/centrais-de-conteudo\/07032022_EvolucaodoSNPGnodeceniodoPNPG20112020_ISBNWeb.pdf\" target=\"_blank\" rel=\"noreferrer noopener\">Sistema Nacional de P\u00f3s-Gradua\u00e7\u00e3o (SNPG)<\/a>, que foi estruturado nesse PNPG e iniciou seus trabalhos em 2019. Conforme a descri\u00e7\u00e3o no cap\u00edtulo 8 do volume 1 do PNPG, o SNPG analisa, pontua e garante a continuidade dos trabalhos propostos no documento. &nbsp;<\/p>\n\n\n\n<p class=\"eplus-wrapper wp-block-paragraph\">Contudo, \u00e9 not\u00e1vel que esse PNPG tem sua vig\u00eancia at\u00e9 o ano de 2020, e j\u00e1 estamos em 2023. Qual a situa\u00e7\u00e3o do pr\u00f3ximo documento?<\/p>\n\n\n\n<h4 class=\" wp-block-heading eplus-wrapper\">Onde est\u00e1 o Plano Nacional de P\u00f3s-Gradua\u00e7\u00e3o 2021-2030?<\/h4>\n\n\n\n<p class=\"eplus-wrapper wp-block-paragraph\">A situa\u00e7\u00e3o da continuidade desse documento essencial \u00e9 delicada. Primeiramente, as \u00faltimas diretrizes situam que o PNPG deveria fazer parte <a href=\"http:\/\/pne.mec.gov.br\/\" target=\"_blank\" rel=\"noreferrer noopener\">do Plano Nacional de Educa\u00e7\u00e3o (PNE)<\/a>, que est\u00e1 em vig\u00eancia de 2014 at\u00e9 2024. Certamente, essa seria uma decis\u00e3o dif\u00edcil pelo tamanho e objetivos da p\u00f3s-gradua\u00e7\u00e3o no Brasil. Desse modo, o meio acad\u00eamico ficaria sem nenhum amparo nacional at\u00e9 a pr\u00f3xima organiza\u00e7\u00e3o de um novo PNE.<\/p>\n\n\n\n<p class=\"eplus-wrapper wp-block-paragraph\">No entanto, em junho de 2022 o governo federal estabeleceu uma <a href=\"https:\/\/www.gov.br\/capes\/pt-br\/acesso-a-informacao\/institucional\/plano-nacional-de-pos-graduacao-pnpg\/plano-nacional-de-pos-graduacao-pnpg-2021-2030\" target=\"_blank\" rel=\"noreferrer noopener\">comiss\u00e3o respons\u00e1vel para a escrita do novo PNPG<\/a>, com a perspectiva para vig\u00eancia entre 2021 e 2030.&nbsp;<\/p>\n\n\n\n<p class=\"eplus-wrapper wp-block-paragraph\">A desorganiza\u00e7\u00e3o pol\u00edtica geral nos \u00f3rg\u00e3os educacionais e cient\u00edficos no governo Bolsonaro n\u00e3o \u00e9 novidade nenhuma. O governo Bolsonaro foi definido por <a href=\"https:\/\/istoe.com.br\/o-mensalao-de-escandalo-bolonaro\/\" target=\"_blank\" rel=\"noreferrer noopener\">den\u00fancias de corrup\u00e7\u00e3o<\/a> no Minist\u00e9rio da Educa\u00e7\u00e3o, <a href=\"https:\/\/www.terra.com.br\/diversao\/tv\/materia-do-jn-critica-negacionismo-cientifico-de-bolsonaro,f293aa0fbc471a46d432dff8cc8052c4yfuultpq.html\" target=\"_blank\" rel=\"noopener\">negacionismo cient\u00edfico<\/a>, <a href=\"https:\/\/www.estadao.com.br\/ciencia\/governo-bolsonaro-corta-87de-verbas-para-ciencia-e-tecnologia\/\" target=\"_blank\" rel=\"noreferrer noopener\">corte de verbas para a ci\u00eancia<\/a> e at\u00e9 mesmo tentativa de <a href=\"https:\/\/www.blogs.unicamp.br\/pemcie\/2022\/05\/24\/a-gratuidade-da-universidade-publica-e-inquestionavel\/\" target=\"_blank\" rel=\"noreferrer noopener\">inibir o acesso \u00e0 universidade p\u00fablica<\/a>. Por isso fica claro que a p\u00f3s-gradua\u00e7\u00e3o, sua organiza\u00e7\u00e3o, desenvolvimento e valoriza\u00e7\u00e3o tamb\u00e9m n\u00e3o estariam nos planos do antigo governo.<\/p>\n\n\n\n<p class=\"eplus-wrapper wp-block-paragraph\">Visto que estamos vivendo com novas perspectivas pol\u00edticas e com poss\u00edveis valoriza\u00e7\u00f5es do trabalho cient\u00edfico realizado por p\u00f3s-graduandos no Brasil, surge a necessidade de pensarmos esse novo PNPG. Por isso, penso que o Minist\u00e9rio da Educa\u00e7\u00e3o, o Minist\u00e9rio da Ci\u00eancia, Tecnologia e Inova\u00e7\u00e3o, o poder legislativo e o meio acad\u00eamico possam juntar for\u00e7as e reestruturar um novo documento, um novo Plano Nacional de P\u00f3s-Gradua\u00e7\u00e3o.<\/p>\n\n\n\n<h4 class=\" wp-block-heading eplus-wrapper\">O futuro da p\u00f3s-gradua\u00e7\u00e3o&nbsp;<\/h4>\n\n\n\n<p class=\"eplus-wrapper wp-block-paragraph\">Essa perspectiva animadora possibilita come\u00e7armos a tra\u00e7ar alguns projetos para o futuro da p\u00f3s-gradua\u00e7\u00e3o no Brasil. Inevitavelmente, ele passar\u00e1 por uma organiza\u00e7\u00e3o nacional, como o PNPG, que poder\u00e1 ser feito da maneira que esperamos. Quest\u00f5es como a perman\u00eancia de estudantes, o aumento das bolsas de estudo, a profissionaliza\u00e7\u00e3o da p\u00f3s-gradua\u00e7\u00e3o, a pol\u00edtica de cotas, o equil\u00edbrio demogr\u00e1fico regional, todas essas quest\u00f5es podem (e devem) estar nesse pr\u00f3ximo documento.<\/p>\n\n\n\n<p class=\"eplus-wrapper wp-block-paragraph\">Ou seja, cabe agora a cobran\u00e7a, a participa\u00e7\u00e3o ativa, a organiza\u00e7\u00e3o coletiva e a estrutura\u00e7\u00e3o de ideias essenciais para conseguirmos avan\u00e7ar com uma p\u00f3s-gradua\u00e7\u00e3o que atenda aquilo que esperamos enquanto projeto de na\u00e7\u00e3o e de sociedade. Respirar novos ares e novas perspectivas para 2023 e adiante \u00e9 um alivio e nos enche de esperan\u00e7a. mas o trabalho para o desenvolvimento da ci\u00eancia e da educa\u00e7\u00e3o no Brasil vai sempre existir, e continuaremos lutando.&nbsp;<\/p>\n\n\n\n<h4 class=\" wp-block-heading eplus-wrapper\">Para saber mais:<\/h4>\n\n\n\n<p class=\"eplus-wrapper wp-block-paragraph\"><a href=\"https:\/\/www.blogs.unicamp.br\/pemcie\/2022\/05\/24\/a-gratuidade-da-universidade-publica-e-inquestionavel\/\" target=\"_blank\" rel=\"noreferrer noopener\">Blog PEMCIE; A gratuidade da universidade p\u00fablica \u00e9 inquestion\u00e1vel<\/a><\/p>\n\n\n\n<p class=\"eplus-wrapper wp-block-paragraph\"><a href=\"http:\/\/pne.mec.gov.br\/\" target=\"_blank\" rel=\"noreferrer noopener\">PNE &#8211; Plano Nacional de Educa\u00e7\u00e3o<\/a><\/p>\n\n\n\n<p class=\"eplus-wrapper wp-block-paragraph\"><a href=\"https:\/\/www.gov.br\/capes\/pt-br\/acesso-a-informacao\/institucional\/plano-nacional-de-pos-graduacao-pnpg\/plano-nacional-de-pos-graduacao-pnpg-2021-2030\" target=\"_blank\" rel=\"noreferrer noopener\">Plano Nacional de P\u00f3s-Gradua\u00e7\u00e3o &#8211; PNPG 2021-2030<\/a><\/p>\n\n\n\n<p class=\"eplus-wrapper wp-block-paragraph\"><a href=\"https:\/\/www.gov.br\/capes\/pt-br\/acesso-a-informacao\/institucional\/plano-nacional-de-pos-graduacao-pnpg\/plano-nacional-de-pos-graduacao-pnpg-2011-2020\" target=\"_blank\" rel=\"noreferrer noopener\">Plano Nacional de P\u00f3s-Gradua\u00e7\u00e3o &#8211; PNPG 2011-2020<\/a><\/p>\n\n\n\n<p class=\"eplus-wrapper wp-block-paragraph\"><a href=\"https:\/\/www.gov.br\/capes\/pt-br\/centrais-de-conteudo\/07032022_EvolucaodoSNPGnodeceniodoPNPG20112020_ISBNWeb.pdf\" target=\"_blank\" rel=\"noreferrer noopener\">Evolu\u00e7\u00e3o do SNPG no dec\u00eanio do PNPG 2011-2020<\/a><\/p>\n\n\n\n<p class=\"eplus-wrapper wp-block-paragraph\"><a href=\"https:\/\/www.anf.org.br\/cientista-analisa-perspectivas-na-gestao-de-luciana-santos-nova-ministra-da-ciencia-e-tecnologia-do-governo-lula\/\" target=\"_blank\" rel=\"noreferrer noopener\">ANF (Ag\u00eancia Nacional de Not\u00edcias das Favelas); Cientista analisa perspectivas na gest\u00e3o de Luciana Santos<\/a><\/p>\n\n\n\n<p class=\"eplus-wrapper wp-block-paragraph\"><a href=\"https:\/\/www.cnnbrasil.com.br\/politica\/prioridade-e-aumentar-orcamento-para-bolsas-de-pos-graduacao-diz-ministra-a-cnn\/#:~:text=Prioridade%20%C3%A9%20aumentar%20or%C3%A7amento%20para%20bolsas%20de%20p%C3%B3s-gradua%C3%A7%C3%A3o%2C,aposta%20em%20negocia%C3%A7%C3%A3o%20com%20Congresso%20para%20conseguir%20recursos\" target=\"_blank\" rel=\"noreferrer noopener\">CNN; Prioridade \u00e9 aumentar or\u00e7amento para bolsas de p\u00f3s-gradua\u00e7\u00e3o<\/a><\/p>\n\n\n\n<p class=\"eplus-wrapper wp-block-paragraph\"><a href=\"https:\/\/istoe.com.br\/o-mensalao-de-escandalo-bolonaro\/\" target=\"_blank\" rel=\"noopener\">ISTO\u00c9; O bolsol\u00e3o do MEC virou o maior esc\u00e2ndalo de corrup\u00e7\u00e3o do governo Bolsonaro<\/a><\/p>\n\n\n\n<p class=\"eplus-wrapper wp-block-paragraph\"><a href=\"https:\/\/www.terra.com.br\/diversao\/tv\/materia-do-jn-critica-negacionismo-cientifico-de-bolsonaro,f293aa0fbc471a46d432dff8cc8052c4yfuultpq.html\" target=\"_blank\" rel=\"noreferrer noopener\">TERRA; Mat\u00e9ria do \u2018JN\u2019 critica negacionismo cient\u00edfico de Bolsonaro<\/a><\/p>\n\n\n\n<p class=\"eplus-wrapper wp-block-paragraph\"><a href=\"https:\/\/www.estadao.com.br\/ciencia\/governo-bolsonaro-corta-87de-verbas-para-ciencia-e-tecnologia\/\" target=\"_blank\" rel=\"noreferrer noopener\">ESTAD\u00c3O; Governo Bolsonaro manda cortar 87% de verbas para ci\u00eancia e tecnologia<\/a><\/p>\n","protected":false},"excerpt":{"rendered":"<div class=\"mh-excerpt\"><p>O \u00faltimo PNPG teve o fim de sua vig\u00eancia em 2021. Qual sua import\u00e2ncia e quando podemos esperar um novo? 2023 iniciou com novos ocupantes <a class=\"mh-excerpt-more\" href=\"https:\/\/www.blogs.unicamp.br\/pemcie\/2023\/01\/17\/pnpg\/\" title=\"O Plano Nacional de P\u00f3s-Gradua\u00e7\u00e3o (PNPG): Pelo fim da neglig\u00eancia\">[&#8230;]<\/a><\/p>\n<\/div>","protected":false},"author":313,"featured_media":1304,"comment_status":"open","ping_status":"open","sticky":false,"template":"","format":"standard","meta":{"_eb_attr":"","_monsterinsights_skip_tracking":false,"pgc_sgb_lightbox_settings":"","_vp_format_video_url":"","_vp_image_focal_point":{"x":0.49,"y":0.53},"footnotes":""},"categories":[95,375],"tags":[6,5,373,37,372,365,364,369,370,363,239,366,368,371,8,367],"class_list":["post-1301","post","type-post","status-publish","format-standard","has-post-thumbnail","hentry","category-ensino-superior","category-politicas-publicas","tag-ciencia","tag-cultura","tag-desenvolvimento","tag-educacao","tag-mec","tag-plano-nacional","tag-plano-nacional-de-pos-graduacao","tag-pne","tag-pnpg","tag-politica-publica","tag-pos-graduacao","tag-pos-graduando","tag-projeto","tag-snpg","tag-universidade","tag-universitario"],"jetpack_featured_media_url":"https:\/\/www.blogs.unicamp.br\/pemcie\/wp-content\/uploads\/sites\/150\/2023\/01\/books-7710155_960_720.png","_links":{"self":[{"href":"https:\/\/www.blogs.unicamp.br\/pemcie\/wp-json\/wp\/v2\/posts\/1301","targetHints":{"allow":["GET"]}}],"collection":[{"href":"https:\/\/www.blogs.unicamp.br\/pemcie\/wp-json\/wp\/v2\/posts"}],"about":[{"href":"https:\/\/www.blogs.unicamp.br\/pemcie\/wp-json\/wp\/v2\/types\/post"}],"author":[{"embeddable":true,"href":"https:\/\/www.blogs.unicamp.br\/pemcie\/wp-json\/wp\/v2\/users\/313"}],"replies":[{"embeddable":true,"href":"https:\/\/www.blogs.unicamp.br\/pemcie\/wp-json\/wp\/v2\/comments?post=1301"}],"version-history":[{"count":10,"href":"https:\/\/www.blogs.unicamp.br\/pemcie\/wp-json\/wp\/v2\/posts\/1301\/revisions"}],"predecessor-version":[{"id":1426,"href":"https:\/\/www.blogs.unicamp.br\/pemcie\/wp-json\/wp\/v2\/posts\/1301\/revisions\/1426"}],"wp:featuredmedia":[{"embeddable":true,"href":"https:\/\/www.blogs.unicamp.br\/pemcie\/wp-json\/wp\/v2\/media\/1304"}],"wp:attachment":[{"href":"https:\/\/www.blogs.unicamp.br\/pemcie\/wp-json\/wp\/v2\/media?parent=1301"}],"wp:term":[{"taxonomy":"category","embeddable":true,"href":"https:\/\/www.blogs.unicamp.br\/pemcie\/wp-json\/wp\/v2\/categories?post=1301"},{"taxonomy":"post_tag","embeddable":true,"href":"https:\/\/www.blogs.unicamp.br\/pemcie\/wp-json\/wp\/v2\/tags?post=1301"}],"curies":[{"name":"wp","href":"https:\/\/api.w.org\/{rel}","templated":true}]}}